{"id":3358,"date":"2025-03-11T15:58:35","date_gmt":"2025-03-11T14:58:35","guid":{"rendered":"https:\/\/staging.mogensen.com\/?p=3358"},"modified":"2025-03-11T16:07:53","modified_gmt":"2025-03-11T15:07:53","slug":"internationaler-frauentag-ein-tag-des-dankes-und-der-anerkennung","status":"publish","type":"post","link":"https:\/\/www.mogensen.com\/de\/blog\/allgemein\/internationaler-frauentag-ein-tag-des-dankes-und-der-anerkennung\/","title":{"rendered":"Internationaler Frauentag: <br> Ein Tag des Dankes und der Anerkennung"},"content":{"rendered":"\t\t<div data-elementor-type=\"wp-post\" data-elementor-id=\"3358\" class=\"elementor elementor-3358\" data-elementor-post-type=\"post\">\n\t\t\t\t<div class=\"elementor-element elementor-element-35e6f299 e-flex e-con-boxed e-con e-parent\" data-id=\"35e6f299\" data-element_type=\"container\" data-e-type=\"container\">\n\t\t\t\t\t<div class=\"e-con-inner\">\n\t\t\t\t<div class=\"elementor-element elementor-element-4487ea0 elementor-widget elementor-widget-text-editor\" data-id=\"4487ea0\" data-element_type=\"widget\" data-e-type=\"widget\" data-widget_type=\"text-editor.default\">\n\t\t\t\t<div class=\"elementor-widget-container\">\n\t\t\t\t\t\t\t\t\t<div class=\"elementor-element elementor-element-7c0f5ab elementor-widget elementor-widget-pxl_heading\" data-id=\"7c0f5ab\" data-element_type=\"widget\" data-widget_type=\"pxl_heading.default\"><div class=\"elementor-widget-container\"><div id=\"pxl-pxl_heading-7c0f5ab-6765\" class=\"pxl-heading px-sub-title-default-style \"><div class=\"pxl-heading--inner\"><p data-start=\"128\" data-end=\"438\">Am Internationalen Frauentag haben wir die gro\u00dfartigen Frauen in unserem Unternehmen gefeiert, die mit ihrem Engagement, ihrer Fachkompetenz und ihrer Leidenschaft t\u00e4glich einen bedeutenden Beitrag geleistet haben. Ihr Einsatz war eine treibende Kraft hinter unserem Erfolg und eine Inspiration f\u00fcr uns alle.<\/p><p data-start=\"440\" data-end=\"767\">Dieser Tag erinnerte uns daran, wie wichtig Gleichberechtigung und Chancengleichheit sind \u2013 nicht nur an diesem besonderen Tag, sondern das ganze Jahr \u00fcber. Wir waren stolz auf die talentierten Frauen in unserem Team, die mit ihrem Wissen, ihrer Kreativit\u00e4t und ihrem unerm\u00fcdlichen Einsatz unsere Vision vorangetrieben haben.<\/p><p data-start=\"769\" data-end=\"947\">Lasst uns weiterhin daran arbeiten, eine Zukunft zu gestalten, in der alle Frauen die M\u00f6glichkeit haben, ihr volles Potenzial zu entfalten. Danke f\u00fcr alles, was ihr getan habt!<\/p><p data-start=\"949\" data-end=\"991\"><strong data-start=\"949\" data-end=\"989\">ONE GROUP. ONE TEAM. WORLDWIDE. \ud83d\udc99\ud83d\udcaa<\/strong><\/p><\/div><\/div><\/div><\/div>\t\t\t\t\t\t\t\t<\/div>\n\t\t\t\t<\/div>\n\t\t\t\t\t<\/div>\n\t\t\t\t<\/div>\n\t\t<div class=\"elementor-element elementor-element-c722f0e e-con-full e-flex e-con e-child\" data-id=\"c722f0e\" data-element_type=\"container\" data-e-type=\"container\">\n\t\t\t\t<div class=\"elementor-element elementor-element-bd8b136 elementor-widget elementor-widget-video\" data-id=\"bd8b136\" data-element_type=\"widget\" data-e-type=\"widget\" data-settings=\"{&quot;video_type&quot;:&quot;hosted&quot;,&quot;autoplay&quot;:&quot;yes&quot;,&quot;loop&quot;:&quot;yes&quot;,&quot;controls&quot;:&quot;yes&quot;}\" data-widget_type=\"video.default\">\n\t\t\t\t<div class=\"elementor-widget-container\">\n\t\t\t\t\t\t\t<div class=\"e-hosted-video elementor-wrapper elementor-open-inline\">\n\t\t\t\t\t<video class=\"elementor-video\" src=\"https:\/\/mogensen.com\/wp-content\/uploads\/2025\/03\/JOESTgroup-IWD-2025.mp4\" autoplay=\"\" loop=\"\" controls=\"\" controlsList=\"nodownload\"><\/video>\n\t\t\t\t<\/div>\n\t\t\t\t\t\t<\/div>\n\t\t\t\t<\/div>\n\t\t\t\t<\/div>\n\t\t<div class=\"elementor-element elementor-element-9fe35d7 e-flex e-con-boxed e-con e-parent\" data-id=\"9fe35d7\" data-element_type=\"container\" data-e-type=\"container\">\n\t\t\t\t\t<div class=\"e-con-inner\">\n\t\t\t\t<div class=\"elementor-element elementor-element-ce9fa83 elementor-button-info elementor-widget__width-auto elementor-align-center elementor-widget elementor-widget-button\" data-id=\"ce9fa83\" data-element_type=\"widget\" data-e-type=\"widget\" data-widget_type=\"button.default\">\n\t\t\t\t<div class=\"elementor-widget-container\">\n\t\t\t\t\t\t\t\t\t<div class=\"elementor-button-wrapper\">\n\t\t\t\t\t<a class=\"elementor-button elementor-button-link elementor-size-sm elementor-animation-grow\" href=\"https:\/\/mogensen.com\/produkte\/msizer-family\/\">\n\t\t\t\t\t\t<span class=\"elementor-button-content-wrapper\">\n\t\t\t\t\t\t\t\t\t<span class=\"elementor-button-text\">ZUR MSIZER-Family<\/span>\n\t\t\t\t\t<\/span>\n\t\t\t\t\t<\/a>\n\t\t\t\t<\/div>\n\t\t\t\t\t\t\t\t<\/div>\n\t\t\t\t<\/div>\n\t\t\t\t<div class=\"elementor-element elementor-element-0879b93 elementor-button-info elementor-widget__width-auto elementor-align-center elementor-widget elementor-widget-button\" data-id=\"0879b93\" data-element_type=\"widget\" data-e-type=\"widget\" data-widget_type=\"button.default\">\n\t\t\t\t<div class=\"elementor-widget-container\">\n\t\t\t\t\t\t\t\t\t<div class=\"elementor-button-wrapper\">\n\t\t\t\t\t<a class=\"elementor-button elementor-button-link elementor-size-sm elementor-animation-grow\" href=\"#\">\n\t\t\t\t\t\t<span class=\"elementor-button-content-wrapper\">\n\t\t\t\t\t\t\t\t\t<span class=\"elementor-button-text\">zur futtermittel-seite<\/span>\n\t\t\t\t\t<\/span>\n\t\t\t\t\t<\/a>\n\t\t\t\t<\/div>\n\t\t\t\t\t\t\t\t<\/div>\n\t\t\t\t<\/div>\n\t\t\t\t\t<\/div>\n\t\t\t\t<\/div>\n\t\t\t\t<\/div>\n\t\t","protected":false},"excerpt":{"rendered":"<p>Am Internationalen Frauentag haben wir die gro\u00dfartigen Frauen in unserem Unternehmen gefeiert, die mit ihrem Engagement, ihrer Fachkompetenz und ihrer Leidenschaft t\u00e4glich einen bedeutenden Beitrag geleistet haben. Ihr Einsatz war eine treibende Kraft hinter unserem Erfolg und eine Inspiration f\u00fcr uns alle.<\/p>\n<p>Dieser Tag erinnerte uns daran, wie wichtig Gleichberechtigung und Chancengleichheit sind \u2013 nicht nur an diesem besonderen Tag, sondern das ganze Jahr \u00fcber. Wir waren stolz auf die talentierten Frauen in unserem Team, die mit ihrem Wissen, ihrer Kreativit\u00e4t und ihrem unerm\u00fcdlichen Einsatz unsere Vision vorangetrieben haben.<\/p>\n<p>Lasst uns weiterhin daran arbeiten, eine Zukunft zu gestalten, in der alle Frauen die M\u00f6glichkeit haben, ihr volles Potenzial zu entfalten. Danke f\u00fcr alles, was ihr getan habt!<\/p>\n<p>ONE GROUP. ONE TEAM. WORLDWIDE. ??<\/p>\n","protected":false},"author":9,"featured_media":3363,"comment_status":"open","ping_status":"open","sticky":false,"template":"","format":"standard","meta":{"footnotes":""},"categories":[90],"tags":[109,110,111],"post_folder":[],"class_list":["post-3358","post","type-post","status-publish","format-standard","has-post-thumbnail","hentry","category-allgemein","tag-joesteam","tag-women","tag-womenspower"],"yoast_head":"<!-- This site is optimized with the Yoast SEO plugin v27.4 - https:\/\/yoast.com\/product\/yoast-seo-wordpress\/ -->\n<title>Internationaler Frauentag:  Ein Tag des Dankes und der Anerkennung - MOGENSEN<\/title>\n<meta name=\"robots\" content=\"index, follow, max-snippet:-1, max-image-preview:large, max-video-preview:-1\" \/>\n<link rel=\"canonical\" href=\"https:\/\/www.mogensen.com\/de\/blog\/allgemein\/internationaler-frauentag-ein-tag-des-dankes-und-der-anerkennung\/\" \/>\n<meta property=\"og:locale\" content=\"de_DE\" \/>\n<meta property=\"og:type\" content=\"article\" \/>\n<meta property=\"og:title\" content=\"Internationaler Frauentag:  Ein Tag des Dankes und der Anerkennung - MOGENSEN\" \/>\n<meta property=\"og:description\" content=\"Am Internationalen Frauentag haben wir die gro\u00dfartigen Frauen in unserem Unternehmen gefeiert, die mit ihrem Engagement, ihrer Fachkompetenz und ihrer Leidenschaft t\u00e4glich einen bedeutenden Beitrag geleistet haben. Ihr Einsatz war eine treibende Kraft hinter unserem Erfolg und eine Inspiration f\u00fcr uns alle. Dieser Tag erinnerte uns daran, wie wichtig Gleichberechtigung und Chancengleichheit sind \u2013 nicht nur an diesem besonderen Tag, sondern das ganze Jahr \u00fcber. Wir waren stolz auf die talentierten Frauen in unserem Team, die mit ihrem Wissen, ihrer Kreativit\u00e4t und ihrem unerm\u00fcdlichen Einsatz unsere Vision vorangetrieben haben. Lasst uns weiterhin daran arbeiten, eine Zukunft zu gestalten, in der alle Frauen die M\u00f6glichkeit haben, ihr volles Potenzial zu entfalten. Danke f\u00fcr alles, was ihr getan habt! ONE GROUP. ONE TEAM. WORLDWIDE. ??\" \/>\n<meta property=\"og:url\" content=\"https:\/\/www.mogensen.com\/de\/blog\/allgemein\/internationaler-frauentag-ein-tag-des-dankes-und-der-anerkennung\/\" \/>\n<meta property=\"og:site_name\" content=\"MOGENSEN\" \/>\n<meta property=\"article:published_time\" content=\"2025-03-11T14:58:35+00:00\" \/>\n<meta property=\"article:modified_time\" content=\"2025-03-11T15:07:53+00:00\" \/>\n<meta property=\"og:image\" content=\"https:\/\/www.mogensen.com\/wp-content\/uploads\/2025\/03\/Bildschirmfoto-2025-03-11-um-15.39.05-e1741705091616.png\" \/>\n\t<meta property=\"og:image:width\" content=\"1703\" \/>\n\t<meta property=\"og:image:height\" content=\"2156\" \/>\n\t<meta property=\"og:image:type\" content=\"image\/png\" \/>\n<meta name=\"author\" content=\"marketing\" \/>\n<meta name=\"twitter:card\" content=\"summary_large_image\" \/>\n<meta name=\"twitter:label1\" content=\"Verfasst von\" \/>\n\t<meta name=\"twitter:data1\" content=\"marketing\" \/>\n\t<meta name=\"twitter:label2\" content=\"Gesch\u00e4tzte Lesezeit\" \/>\n\t<meta name=\"twitter:data2\" content=\"2\u00a0Minuten\" \/>\n<script type=\"application\/ld+json\" class=\"yoast-schema-graph\">{\"@context\":\"https:\\\/\\\/schema.org\",\"@graph\":[{\"@type\":\"Article\",\"@id\":\"https:\\\/\\\/www.mogensen.com\\\/de\\\/blog\\\/allgemein\\\/internationaler-frauentag-ein-tag-des-dankes-und-der-anerkennung\\\/#article\",\"isPartOf\":{\"@id\":\"https:\\\/\\\/www.mogensen.com\\\/de\\\/blog\\\/allgemein\\\/internationaler-frauentag-ein-tag-des-dankes-und-der-anerkennung\\\/\"},\"author\":{\"name\":\"marketing\",\"@id\":\"https:\\\/\\\/www.mogensen.com\\\/de\\\/#\\\/schema\\\/person\\\/dda1562a62e7fbaeb8f2d7f153a4a717\"},\"headline\":\"Internationaler Frauentag: Ein Tag des Dankes und der Anerkennung\",\"datePublished\":\"2025-03-11T14:58:35+00:00\",\"dateModified\":\"2025-03-11T15:07:53+00:00\",\"mainEntityOfPage\":{\"@id\":\"https:\\\/\\\/www.mogensen.com\\\/de\\\/blog\\\/allgemein\\\/internationaler-frauentag-ein-tag-des-dankes-und-der-anerkennung\\\/\"},\"wordCount\":148,\"commentCount\":0,\"publisher\":{\"@id\":\"https:\\\/\\\/www.mogensen.com\\\/de\\\/#organization\"},\"image\":{\"@id\":\"https:\\\/\\\/www.mogensen.com\\\/de\\\/blog\\\/allgemein\\\/internationaler-frauentag-ein-tag-des-dankes-und-der-anerkennung\\\/#primaryimage\"},\"thumbnailUrl\":\"https:\\\/\\\/www.mogensen.com\\\/wp-content\\\/uploads\\\/2025\\\/03\\\/Bildschirmfoto-2025-03-11-um-15.39.05-e1741705091616.png\",\"keywords\":[\"#JOESTeam\",\"Women\",\"WomensPower\"],\"inLanguage\":\"de\",\"potentialAction\":[{\"@type\":\"CommentAction\",\"name\":\"Comment\",\"target\":[\"https:\\\/\\\/www.mogensen.com\\\/de\\\/blog\\\/allgemein\\\/internationaler-frauentag-ein-tag-des-dankes-und-der-anerkennung\\\/#respond\"]}]},{\"@type\":\"WebPage\",\"@id\":\"https:\\\/\\\/www.mogensen.com\\\/de\\\/blog\\\/allgemein\\\/internationaler-frauentag-ein-tag-des-dankes-und-der-anerkennung\\\/\",\"url\":\"https:\\\/\\\/www.mogensen.com\\\/de\\\/blog\\\/allgemein\\\/internationaler-frauentag-ein-tag-des-dankes-und-der-anerkennung\\\/\",\"name\":\"Internationaler Frauentag: Ein Tag des Dankes und der Anerkennung - MOGENSEN\",\"isPartOf\":{\"@id\":\"https:\\\/\\\/www.mogensen.com\\\/de\\\/#website\"},\"primaryImageOfPage\":{\"@id\":\"https:\\\/\\\/www.mogensen.com\\\/de\\\/blog\\\/allgemein\\\/internationaler-frauentag-ein-tag-des-dankes-und-der-anerkennung\\\/#primaryimage\"},\"image\":{\"@id\":\"https:\\\/\\\/www.mogensen.com\\\/de\\\/blog\\\/allgemein\\\/internationaler-frauentag-ein-tag-des-dankes-und-der-anerkennung\\\/#primaryimage\"},\"thumbnailUrl\":\"https:\\\/\\\/www.mogensen.com\\\/wp-content\\\/uploads\\\/2025\\\/03\\\/Bildschirmfoto-2025-03-11-um-15.39.05-e1741705091616.png\",\"datePublished\":\"2025-03-11T14:58:35+00:00\",\"dateModified\":\"2025-03-11T15:07:53+00:00\",\"breadcrumb\":{\"@id\":\"https:\\\/\\\/www.mogensen.com\\\/de\\\/blog\\\/allgemein\\\/internationaler-frauentag-ein-tag-des-dankes-und-der-anerkennung\\\/#breadcrumb\"},\"inLanguage\":\"de\",\"potentialAction\":[{\"@type\":\"ReadAction\",\"target\":[\"https:\\\/\\\/www.mogensen.com\\\/de\\\/blog\\\/allgemein\\\/internationaler-frauentag-ein-tag-des-dankes-und-der-anerkennung\\\/\"]}]},{\"@type\":\"ImageObject\",\"inLanguage\":\"de\",\"@id\":\"https:\\\/\\\/www.mogensen.com\\\/de\\\/blog\\\/allgemein\\\/internationaler-frauentag-ein-tag-des-dankes-und-der-anerkennung\\\/#primaryimage\",\"url\":\"https:\\\/\\\/www.mogensen.com\\\/wp-content\\\/uploads\\\/2025\\\/03\\\/Bildschirmfoto-2025-03-11-um-15.39.05-e1741705091616.png\",\"contentUrl\":\"https:\\\/\\\/www.mogensen.com\\\/wp-content\\\/uploads\\\/2025\\\/03\\\/Bildschirmfoto-2025-03-11-um-15.39.05-e1741705091616.png\",\"width\":1703,\"height\":2156,\"caption\":\"International Women's Day 2025\"},{\"@type\":\"BreadcrumbList\",\"@id\":\"https:\\\/\\\/www.mogensen.com\\\/de\\\/blog\\\/allgemein\\\/internationaler-frauentag-ein-tag-des-dankes-und-der-anerkennung\\\/#breadcrumb\",\"itemListElement\":[{\"@type\":\"ListItem\",\"position\":1,\"name\":\"Startseite\",\"item\":\"https:\\\/\\\/www.mogensen.com\\\/de\\\/\"},{\"@type\":\"ListItem\",\"position\":2,\"name\":\"Internationaler Frauentag: Ein Tag des Dankes und der Anerkennung\"}]},{\"@type\":\"WebSite\",\"@id\":\"https:\\\/\\\/www.mogensen.com\\\/de\\\/#website\",\"url\":\"https:\\\/\\\/www.mogensen.com\\\/de\\\/\",\"name\":\"MOGENSEN\",\"description\":\"Ihr Spezialist f\u00fcr innovative Sieb-, Sortier- und F\u00f6rdertechnik\",\"publisher\":{\"@id\":\"https:\\\/\\\/www.mogensen.com\\\/de\\\/#organization\"},\"potentialAction\":[{\"@type\":\"SearchAction\",\"target\":{\"@type\":\"EntryPoint\",\"urlTemplate\":\"https:\\\/\\\/www.mogensen.com\\\/de\\\/?s={search_term_string}\"},\"query-input\":{\"@type\":\"PropertyValueSpecification\",\"valueRequired\":true,\"valueName\":\"search_term_string\"}}],\"inLanguage\":\"de\"},{\"@type\":\"Organization\",\"@id\":\"https:\\\/\\\/www.mogensen.com\\\/de\\\/#organization\",\"name\":\"MOGENSEN\",\"url\":\"https:\\\/\\\/www.mogensen.com\\\/de\\\/\",\"logo\":{\"@type\":\"ImageObject\",\"inLanguage\":\"de\",\"@id\":\"https:\\\/\\\/www.mogensen.com\\\/de\\\/#\\\/schema\\\/logo\\\/image\\\/\",\"url\":\"https:\\\/\\\/www.mogensen.com\\\/wp-content\\\/uploads\\\/2025\\\/02\\\/MOGENSEN-Logo.png\",\"contentUrl\":\"https:\\\/\\\/www.mogensen.com\\\/wp-content\\\/uploads\\\/2025\\\/02\\\/MOGENSEN-Logo.png\",\"width\":12777,\"height\":1183,\"caption\":\"MOGENSEN\"},\"image\":{\"@id\":\"https:\\\/\\\/www.mogensen.com\\\/de\\\/#\\\/schema\\\/logo\\\/image\\\/\"},\"sameAs\":[\"https:\\\/\\\/www.linkedin.com\\\/company\\\/mogensen-germany\\\/\",\"https:\\\/\\\/www.linkedin.com\\\/company\\\/mogensen-spain\\\/\",\"https:\\\/\\\/www.linkedin.com\\\/company\\\/fredrik-mogensen-ab\\\/\"]},{\"@type\":\"Person\",\"@id\":\"https:\\\/\\\/www.mogensen.com\\\/de\\\/#\\\/schema\\\/person\\\/dda1562a62e7fbaeb8f2d7f153a4a717\",\"name\":\"marketing\"}]}<\/script>\n<!-- \/ Yoast SEO plugin. -->","yoast_head_json":{"title":"Internationaler Frauentag:  Ein Tag des Dankes und der Anerkennung - MOGENSEN","robots":{"index":"index","follow":"follow","max-snippet":"max-snippet:-1","max-image-preview":"max-image-preview:large","max-video-preview":"max-video-preview:-1"},"canonical":"https:\/\/www.mogensen.com\/de\/blog\/allgemein\/internationaler-frauentag-ein-tag-des-dankes-und-der-anerkennung\/","og_locale":"de_DE","og_type":"article","og_title":"Internationaler Frauentag:  Ein Tag des Dankes und der Anerkennung - MOGENSEN","og_description":"Am Internationalen Frauentag haben wir die gro\u00dfartigen Frauen in unserem Unternehmen gefeiert, die mit ihrem Engagement, ihrer Fachkompetenz und ihrer Leidenschaft t\u00e4glich einen bedeutenden Beitrag geleistet haben. Ihr Einsatz war eine treibende Kraft hinter unserem Erfolg und eine Inspiration f\u00fcr uns alle. Dieser Tag erinnerte uns daran, wie wichtig Gleichberechtigung und Chancengleichheit sind \u2013 nicht nur an diesem besonderen Tag, sondern das ganze Jahr \u00fcber. Wir waren stolz auf die talentierten Frauen in unserem Team, die mit ihrem Wissen, ihrer Kreativit\u00e4t und ihrem unerm\u00fcdlichen Einsatz unsere Vision vorangetrieben haben. Lasst uns weiterhin daran arbeiten, eine Zukunft zu gestalten, in der alle Frauen die M\u00f6glichkeit haben, ihr volles Potenzial zu entfalten. Danke f\u00fcr alles, was ihr getan habt! ONE GROUP. ONE TEAM. WORLDWIDE. ??","og_url":"https:\/\/www.mogensen.com\/de\/blog\/allgemein\/internationaler-frauentag-ein-tag-des-dankes-und-der-anerkennung\/","og_site_name":"MOGENSEN","article_published_time":"2025-03-11T14:58:35+00:00","article_modified_time":"2025-03-11T15:07:53+00:00","og_image":[{"width":1703,"height":2156,"url":"https:\/\/www.mogensen.com\/wp-content\/uploads\/2025\/03\/Bildschirmfoto-2025-03-11-um-15.39.05-e1741705091616.png","type":"image\/png"}],"author":"marketing","twitter_card":"summary_large_image","twitter_misc":{"Verfasst von":"marketing","Gesch\u00e4tzte Lesezeit":"2\u00a0Minuten"},"schema":{"@context":"https:\/\/schema.org","@graph":[{"@type":"Article","@id":"https:\/\/www.mogensen.com\/de\/blog\/allgemein\/internationaler-frauentag-ein-tag-des-dankes-und-der-anerkennung\/#article","isPartOf":{"@id":"https:\/\/www.mogensen.com\/de\/blog\/allgemein\/internationaler-frauentag-ein-tag-des-dankes-und-der-anerkennung\/"},"author":{"name":"marketing","@id":"https:\/\/www.mogensen.com\/de\/#\/schema\/person\/dda1562a62e7fbaeb8f2d7f153a4a717"},"headline":"Internationaler Frauentag: Ein Tag des Dankes und der Anerkennung","datePublished":"2025-03-11T14:58:35+00:00","dateModified":"2025-03-11T15:07:53+00:00","mainEntityOfPage":{"@id":"https:\/\/www.mogensen.com\/de\/blog\/allgemein\/internationaler-frauentag-ein-tag-des-dankes-und-der-anerkennung\/"},"wordCount":148,"commentCount":0,"publisher":{"@id":"https:\/\/www.mogensen.com\/de\/#organization"},"image":{"@id":"https:\/\/www.mogensen.com\/de\/blog\/allgemein\/internationaler-frauentag-ein-tag-des-dankes-und-der-anerkennung\/#primaryimage"},"thumbnailUrl":"https:\/\/www.mogensen.com\/wp-content\/uploads\/2025\/03\/Bildschirmfoto-2025-03-11-um-15.39.05-e1741705091616.png","keywords":["#JOESTeam","Women","WomensPower"],"inLanguage":"de","potentialAction":[{"@type":"CommentAction","name":"Comment","target":["https:\/\/www.mogensen.com\/de\/blog\/allgemein\/internationaler-frauentag-ein-tag-des-dankes-und-der-anerkennung\/#respond"]}]},{"@type":"WebPage","@id":"https:\/\/www.mogensen.com\/de\/blog\/allgemein\/internationaler-frauentag-ein-tag-des-dankes-und-der-anerkennung\/","url":"https:\/\/www.mogensen.com\/de\/blog\/allgemein\/internationaler-frauentag-ein-tag-des-dankes-und-der-anerkennung\/","name":"Internationaler Frauentag: Ein Tag des Dankes und der Anerkennung - MOGENSEN","isPartOf":{"@id":"https:\/\/www.mogensen.com\/de\/#website"},"primaryImageOfPage":{"@id":"https:\/\/www.mogensen.com\/de\/blog\/allgemein\/internationaler-frauentag-ein-tag-des-dankes-und-der-anerkennung\/#primaryimage"},"image":{"@id":"https:\/\/www.mogensen.com\/de\/blog\/allgemein\/internationaler-frauentag-ein-tag-des-dankes-und-der-anerkennung\/#primaryimage"},"thumbnailUrl":"https:\/\/www.mogensen.com\/wp-content\/uploads\/2025\/03\/Bildschirmfoto-2025-03-11-um-15.39.05-e1741705091616.png","datePublished":"2025-03-11T14:58:35+00:00","dateModified":"2025-03-11T15:07:53+00:00","breadcrumb":{"@id":"https:\/\/www.mogensen.com\/de\/blog\/allgemein\/internationaler-frauentag-ein-tag-des-dankes-und-der-anerkennung\/#breadcrumb"},"inLanguage":"de","potentialAction":[{"@type":"ReadAction","target":["https:\/\/www.mogensen.com\/de\/blog\/allgemein\/internationaler-frauentag-ein-tag-des-dankes-und-der-anerkennung\/"]}]},{"@type":"ImageObject","inLanguage":"de","@id":"https:\/\/www.mogensen.com\/de\/blog\/allgemein\/internationaler-frauentag-ein-tag-des-dankes-und-der-anerkennung\/#primaryimage","url":"https:\/\/www.mogensen.com\/wp-content\/uploads\/2025\/03\/Bildschirmfoto-2025-03-11-um-15.39.05-e1741705091616.png","contentUrl":"https:\/\/www.mogensen.com\/wp-content\/uploads\/2025\/03\/Bildschirmfoto-2025-03-11-um-15.39.05-e1741705091616.png","width":1703,"height":2156,"caption":"International Women's Day 2025"},{"@type":"BreadcrumbList","@id":"https:\/\/www.mogensen.com\/de\/blog\/allgemein\/internationaler-frauentag-ein-tag-des-dankes-und-der-anerkennung\/#breadcrumb","itemListElement":[{"@type":"ListItem","position":1,"name":"Startseite","item":"https:\/\/www.mogensen.com\/de\/"},{"@type":"ListItem","position":2,"name":"Internationaler Frauentag: Ein Tag des Dankes und der Anerkennung"}]},{"@type":"WebSite","@id":"https:\/\/www.mogensen.com\/de\/#website","url":"https:\/\/www.mogensen.com\/de\/","name":"MOGENSEN","description":"Ihr Spezialist f\u00fcr innovative Sieb-, Sortier- und F\u00f6rdertechnik","publisher":{"@id":"https:\/\/www.mogensen.com\/de\/#organization"},"potentialAction":[{"@type":"SearchAction","target":{"@type":"EntryPoint","urlTemplate":"https:\/\/www.mogensen.com\/de\/?s={search_term_string}"},"query-input":{"@type":"PropertyValueSpecification","valueRequired":true,"valueName":"search_term_string"}}],"inLanguage":"de"},{"@type":"Organization","@id":"https:\/\/www.mogensen.com\/de\/#organization","name":"MOGENSEN","url":"https:\/\/www.mogensen.com\/de\/","logo":{"@type":"ImageObject","inLanguage":"de","@id":"https:\/\/www.mogensen.com\/de\/#\/schema\/logo\/image\/","url":"https:\/\/www.mogensen.com\/wp-content\/uploads\/2025\/02\/MOGENSEN-Logo.png","contentUrl":"https:\/\/www.mogensen.com\/wp-content\/uploads\/2025\/02\/MOGENSEN-Logo.png","width":12777,"height":1183,"caption":"MOGENSEN"},"image":{"@id":"https:\/\/www.mogensen.com\/de\/#\/schema\/logo\/image\/"},"sameAs":["https:\/\/www.linkedin.com\/company\/mogensen-germany\/","https:\/\/www.linkedin.com\/company\/mogensen-spain\/","https:\/\/www.linkedin.com\/company\/fredrik-mogensen-ab\/"]},{"@type":"Person","@id":"https:\/\/www.mogensen.com\/de\/#\/schema\/person\/dda1562a62e7fbaeb8f2d7f153a4a717","name":"marketing"}]}},"_links":{"self":[{"href":"https:\/\/www.mogensen.com\/de\/wp-json\/wp\/v2\/posts\/3358","targetHints":{"allow":["GET"]}}],"collection":[{"href":"https:\/\/www.mogensen.com\/de\/wp-json\/wp\/v2\/posts"}],"about":[{"href":"https:\/\/www.mogensen.com\/de\/wp-json\/wp\/v2\/types\/post"}],"author":[{"embeddable":true,"href":"https:\/\/www.mogensen.com\/de\/wp-json\/wp\/v2\/users\/9"}],"replies":[{"embeddable":true,"href":"https:\/\/www.mogensen.com\/de\/wp-json\/wp\/v2\/comments?post=3358"}],"version-history":[{"count":0,"href":"https:\/\/www.mogensen.com\/de\/wp-json\/wp\/v2\/posts\/3358\/revisions"}],"wp:featuredmedia":[{"embeddable":true,"href":"https:\/\/www.mogensen.com\/de\/wp-json\/wp\/v2\/media\/3363"}],"wp:attachment":[{"href":"https:\/\/www.mogensen.com\/de\/wp-json\/wp\/v2\/media?parent=3358"}],"wp:term":[{"taxonomy":"category","embeddable":true,"href":"https:\/\/www.mogensen.com\/de\/wp-json\/wp\/v2\/categories?post=3358"},{"taxonomy":"post_tag","embeddable":true,"href":"https:\/\/www.mogensen.com\/de\/wp-json\/wp\/v2\/tags?post=3358"},{"taxonomy":"post_folder","embeddable":true,"href":"https:\/\/www.mogensen.com\/de\/wp-json\/wp\/v2\/post_folder?post=3358"}],"curies":[{"name":"wp","href":"https:\/\/api.w.org\/{rel}","templated":true}]}}