{"id":4223,"date":"2025-11-25T13:19:43","date_gmt":"2025-11-25T12:19:43","guid":{"rendered":"https:\/\/www.mogensen.com\/?p=4223"},"modified":"2025-11-25T13:29:05","modified_gmt":"2025-11-25T12:29:05","slug":"eine-neue-vision-der-separation-im-zeitalter-des-abfalls","status":"publish","type":"post","link":"https:\/\/www.mogensen.com\/de\/blog\/recycling\/eine-neue-vision-der-separation-im-zeitalter-des-abfalls\/","title":{"rendered":"Eine neue Vision der Separation\u202d \u202cim Zeitalter des Abfalls"},"content":{"rendered":"\t\t<div data-elementor-type=\"wp-post\" data-elementor-id=\"4223\" class=\"elementor elementor-4223\" data-elementor-post-type=\"post\">\n\t\t\t\t<div class=\"elementor-element elementor-element-35e6f299 e-flex e-con-boxed e-con e-parent\" data-id=\"35e6f299\" data-element_type=\"container\" data-e-type=\"container\">\n\t\t\t\t\t<div class=\"e-con-inner\">\n\t\t\t\t<div class=\"elementor-element elementor-element-52e90229 elementor-widget elementor-widget-text-editor\" data-id=\"52e90229\" data-element_type=\"widget\" data-e-type=\"widget\" data-widget_type=\"text-editor.default\">\n\t\t\t\t<div class=\"elementor-widget-container\">\n\t\t\t\t\t\t\t\t\t<p><strong>Effiziente Trockentrennung f\u00fcr eine nachhaltige Kreislaufwirtschaft.<\/strong><\/p>\t\t\t\t\t\t\t\t<\/div>\n\t\t\t\t<\/div>\n\t\t\t\t<div class=\"elementor-element elementor-element-61b6118 elementor-widget elementor-widget-text-editor\" data-id=\"61b6118\" data-element_type=\"widget\" data-e-type=\"widget\" data-widget_type=\"text-editor.default\">\n\t\t\t\t<div class=\"elementor-widget-container\">\n\t\t\t\t\t\t\t\t\t<p>Jeder\u202d, \u202cder schon einmal an einer Recyclinglinie gearbeitet hat\u202d, \u202cwei\u00df\u202d: \u202cDie eigentlichen Schwierigkeiten beginnen nicht bei der Entsorgung\u202d, \u202csondern erst danach\u202d \u202c\u202e\u2013\u202c\u202d \u202cwenn der Abfall den Verarbeitungsprozess durchl\u00e4uft\u202d. \u202cEntgegen der g\u00e4ngigen Vorstellung kommt Abfall nicht ordentlich sortiert in Beh\u00e4ltern an\u202d. \u202cEr ist gepresst\u202d, \u202cverklemmt\u202d, \u202czerrissen\u202d, \u202cvermischt\u202d \u202c\u202e\u2013\u202c\u202d \u202cund fast nie gekennzeichnet\u202d.\u202c In den letzten zehn Jahren sind Umfang und Vielfalt der Abf\u00e4lle schneller gewachsen als die Systeme\u202d, \u202cdie zu ihrer Bew\u00e4ltigung entwickelt wurden\u202d. \u202cIn j\u00fcngster Zeit lag die weltweite Kunststoffproduktion bei rund 400\u202d \u202cMillionen Tonnen j\u00e4hrlich\u202d, \u202cw\u00e4hrend die Recyclingquote hartn\u00e4ckig unter 10\u202d % \u202cverharrt\u202d. \u202cUrbanisierung\u202d, \u202cVerpackungstrends und zunehmend k\u00fcrzere Produktlebenszyklen setzen eine Wegwerfkultur unter Druck\u202d, \u202cf\u00fcr die bestehende Infrastrukturen nie ausgelegt waren\u202d.\u202c<\/p><p><strong>Das Prinzip der trockenen Dichtesortierung<\/strong><\/p><p>Das Grundprinzip der trockenen Dichtesortierung ist nicht neu\u202d. \u202cEs beruht auf der Tatsache\u202d, \u202cdass Partikel sich in der Gegenwart von Luft und Vibration unterschiedlich verhalten\u202d. \u202cLeichtere Materialien bewegen sich in die eine Richtung\u202d, \u202cschwerere in die andere\u202d \u202c\u202e\u2013\u202c\u202d \u202cselbst wenn sie nahezu identisch aussehen\u202d.\u202c Wasserbasierte Systeme sind zwar in manchen Bereichen effektiv\u202d, \u202csto\u00dfen jedoch zunehmend auf Widerstand\u202d \u202c\u202e\u2013\u202c\u202d \u202cdurch Kosten\u202d, \u202cgesetzliche Auflagen und die Folgen der entstehenden Abw\u00e4sser\u202d. \u202cJeder eingesetzte Liter Wasser muss gereinigt\u202d, \u202czur\u00fcckgef\u00fchrt oder entsorgt\u202d \u202cwerden\u202d. \u202cWenn Wasserverbrauch keine Option ist\u202d, \u202ck\u00f6nnen Materialien dennoch \u00fcber einen trockenen\u202d, \u202cschwerkraftbasierten Prozess sauber getrennt werden\u202d \u202c\u202e\u2013\u202c\u202d \u202cohne Schlamm\u202d, \u202cohne R\u00fcckst\u00e4nde\u202d. \u202cDieses Verfahren funktioniert dort\u202d, \u202cwo Wasser nicht hinkommt\u202d: \u202czwischen gebrochenem Beton und Kupferdr\u00e4hten\u202d, \u202cin noch warmen Kompostmassen und in den verhedderten Resten von Elektronik und Verpackungen\u202d.\u202c<\/p><p><strong>Neue R\u00fcckgewinnungspotenziale<\/strong><\/p><p>Hier beginnen sich unerwartete R\u00fcckgewinnungen abzuzeichnen\u202d: \u202cEin Kompoststrom kann gefiltert werden\u202d, \u202cohne seine biologische Integrit\u00e4t zu verlieren\u202d. \u202cBauabf\u00e4lle geben verwertbare Metalle frei und behalten gleichzeitig nutzbare Feinkornanteile\u202d. \u202cSelbst komplexe Materialgemische aus Kunststoffen\u202d, \u202cTextilien und Holz lassen sich in verwertbare Fraktionen trennen\u202d \u202c\u202e\u2013\u202c\u202d \u202cweil der Prozess erkennt\u202d, \u202cwas herk\u00f6mmliche Systeme \u00fcbersehen\u202d.\u202c<\/p><p><strong>Die GSort-Technologie\u202d \u202c\u202e\u2013\u202c\u202d \u202centwickelt f\u00fcr reale Bedingungen<\/strong><\/p><p>GSort-Sortiertische unterscheiden sich\u202d, \u202cweil sie nicht f\u00fcr ideale Einsatzbedingungen gebaut sind\u202d. \u202cGemischt\u202d, \u202cfeucht\u202d, \u202cungleichm\u00e4\u00dfig\u202d, \u202cverunreinigt\u202d \u202c\u202e\u2013\u202c\u202d \u202cgenau mit solchen Input-Materialien werden sie konfrontiert\u202d.\u202c Dank eines neu gestalteten Arbeitsdecks mit erh\u00f6hter Neigung\u202d, \u202cchevronf\u00f6rmiger Str\u00f6mungsf\u00fchrung und gr\u00f6\u00dferer Amplitude macht GSort die trockene Separation reproduzierbar\u202d \u202c\u202e\u2013\u202c\u202d \u202cselbst wenn sich die Eingangsbedingungen st\u00fcndlich \u00e4ndern\u202d.\u202c W\u00e4hrend andere Trockensortiersysteme h\u00e4ufig mit Kapazit\u00e4tsgrenzen k\u00e4mpfen\u202d, \u202cliefert GSort den doppelten Durchsatz herk\u00f6mmlicher Tische gleicher Breite\u202d.\u202c Wo Nasssysteme auf S\u00e4ttigung angewiesen sind und nachgelagerte Trocknung ben\u00f6tigen\u202d, \u202carbeitet GSort mit Luft\u202d, \u202cVibration und dem nat\u00fcrlichen Dichteunterschied\u202d. \u202cDas Ergebnis\u202d: \u202cnull Wasserverbrauch\u202d, \u202cweniger Nachbearbeitung und konstante Leistung auch unter wechselnden Bedingungen\u202d.\u202c<\/p><p><strong>Effizienz durch Trockenprozess<\/strong><\/p><p>Die trockene Sortierung reduziert Stillst\u00e4nde\u202d, \u202cvereinfacht die Wartung und vermeidet R\u00fcckst\u00e4nde\u202d, \u202cdie andere Trennprozesse erschweren\u202d. \u202cWenn Materialien in unvorhersehbaren Kombinationen eintreffen\u202d, \u202cerm\u00f6glicht GSort den kontinuierlichen Betrieb\u202d \u202c\u202e\u2013\u202c\u202d \u202cohne die gesamte Linie auf eine einzelne Fraktion anpassen zu m\u00fcssen\u202d.\u202c Dies er\u00f6ffnet neues Potenzial f\u00fcr Materialstr\u00f6me\u202d, \u202cdie bisher als nicht verwertbar galten\u202d. \u202cIn vielen Anlagen werden bis zu 30\u202d % \u202cdes eingehenden Abfalls deponiert\u202d, \u202cweil er zu stark vermischt\u202d, \u202cunregelm\u00e4\u00dfig oder zu teuer f\u00fcr herk\u00f6mmliche Verfahren ist\u202d. \u202cEinige dieser Str\u00f6me\u202d \u202c\u202e\u2013\u202c\u202d \u202cinsbesondere dichte Mineralien wie Baryt\u202d, \u202cH\u00e4matit oder abrasive Stoffe wie Mangan\u202d \u202c\u202e\u2013\u202c\u202d \u202ck\u00f6nnen nun sauber und zuverl\u00e4ssig zur\u00fcckgewonnen werden\u202d.\u202c<\/p><p><strong>Dichtesortierung\u202d \u202c\u202e\u2013\u202c\u202d \u202ceine untersch\u00e4tzte Technologie<\/strong><\/p><p>Die densimetrische Separation bleibt in der Branche eines der weniger bekannten Verfahren und wird oft zugunsten von Technologien wie Wirbelstrom oder R\u00f6ntgen \u00fcbersehen\u202d.\u202c Doch ihre Einfachheit\u202d, \u202cFlexibilit\u00e4t und der trockene Betrieb machen sie zu einer naheliegenden\u202d, \u202coft \u00fcbersehenen Chance\u202d.\u202c Das neue Potenzial der GSort-Technologie erstreckt sich sogar auf Materialstr\u00f6me\u202d, \u202cdie bisher nicht getestet wurden\u202d.\u202c In jeder neuen Anwendung bietet sie die M\u00f6glichkeit\u202d, \u202ckomplexere und teurere Systeme zu ersetzen\u202d.\u202c<\/p>\t\t\t\t\t\t\t\t<\/div>\n\t\t\t\t<\/div>\n\t\t\t\t<div class=\"elementor-element elementor-element-5b92933 elementor-button-info elementor-widget__width-auto elementor-align-left elementor-widget elementor-widget-button\" data-id=\"5b92933\" data-element_type=\"widget\" data-e-type=\"widget\" data-widget_type=\"button.default\">\n\t\t\t\t<div class=\"elementor-widget-container\">\n\t\t\t\t\t\t\t\t\t<div class=\"elementor-button-wrapper\">\n\t\t\t\t\t<a class=\"elementor-button elementor-button-link elementor-size-sm elementor-animation-grow\" href=\"https:\/\/www.mogensen.com\/wp-content\/uploads\/2025\/07\/MOGENSEN-Germany-Standort-Umstrukturierung.pdf\" target=\"_blank\">\n\t\t\t\t\t\t<span class=\"elementor-button-content-wrapper\">\n\t\t\t\t\t\t\t\t\t<span class=\"elementor-button-text\">download pressemeldung<\/span>\n\t\t\t\t\t<\/span>\n\t\t\t\t\t<\/a>\n\t\t\t\t<\/div>\n\t\t\t\t\t\t\t\t<\/div>\n\t\t\t\t<\/div>\n\t\t\t\t<div class=\"elementor-element elementor-element-f80d5da elementor-widget-divider--view-line elementor-widget elementor-widget-divider\" data-id=\"f80d5da\" data-element_type=\"widget\" data-e-type=\"widget\" data-widget_type=\"divider.default\">\n\t\t\t\t<div class=\"elementor-widget-container\">\n\t\t\t\t\t\t\t<div class=\"elementor-divider\">\n\t\t\t<span class=\"elementor-divider-separator\">\n\t\t\t\t\t\t<\/span>\n\t\t<\/div>\n\t\t\t\t\t\t<\/div>\n\t\t\t\t<\/div>\n\t\t\t\t\t<\/div>\n\t\t\t\t<\/div>\n\t\t<div class=\"elementor-element elementor-element-9fe35d7 e-flex e-con-boxed e-con e-parent\" data-id=\"9fe35d7\" data-element_type=\"container\" data-e-type=\"container\">\n\t\t\t\t\t<div class=\"e-con-inner\">\n\t\t\t\t<div class=\"elementor-element elementor-element-312128d elementor-widget elementor-widget-heading\" data-id=\"312128d\" data-element_type=\"widget\" data-e-type=\"widget\" data-widget_type=\"heading.default\">\n\t\t\t\t<div class=\"elementor-widget-container\">\n\t\t\t\t\t<h2 class=\"elementor-heading-title elementor-size-default\">Pressekontakt<\/h2>\t\t\t\t<\/div>\n\t\t\t\t<\/div>\n\t\t\t\t<div class=\"elementor-element elementor-element-7448122 elementor-widget elementor-widget-text-editor\" data-id=\"7448122\" data-element_type=\"widget\" data-e-type=\"widget\" data-widget_type=\"text-editor.default\">\n\t\t\t\t<div class=\"elementor-widget-container\">\n\t\t\t\t\t\t\t\t\t<p>Corporate Communications<br \/>corporate-communications@joest.com<\/p>\t\t\t\t\t\t\t\t<\/div>\n\t\t\t\t<\/div>\n\t\t\t\t\t<\/div>\n\t\t\t\t<\/div>\n\t\t\t\t<\/div>\n\t\t","protected":false},"excerpt":{"rendered":"<p>Jeder\u202d, \u202cder schon einmal an einer Recyclinglinie gearbeitet hat\u202d, \u202cwei\u00df\u202d: \u202cDie eigentlichen Schwierigkeiten beginnen nicht bei der Entsorgung\u202d, \u202csondern erst danach\u202d \u202c\u202e\u2013\u202c\u202d \u202cwenn der Abfall den Verarbeitungsprozess durchl\u00e4uft\u202d.<\/p>\n","protected":false},"author":2,"featured_media":4231,"comment_status":"open","ping_status":"open","sticky":false,"template":"","format":"standard","meta":{"footnotes":""},"categories":[30],"tags":[126,124,125],"post_folder":[],"class_list":["post-4223","post","type-post","status-publish","format-standard","has-post-thumbnail","hentry","category-recycling","tag-dichtesortierung","tag-recycling","tag-trockensortierung"],"yoast_head":"<!-- This site is optimized with the Yoast SEO plugin v27.4 - https:\/\/yoast.com\/product\/yoast-seo-wordpress\/ -->\n<title>Eine neue Vision der Separation\u202d \u202cim Zeitalter des Abfalls<\/title>\n<meta name=\"robots\" content=\"index, follow, max-snippet:-1, max-image-preview:large, max-video-preview:-1\" \/>\n<link rel=\"canonical\" href=\"https:\/\/www.mogensen.com\/de\/blog\/recycling\/eine-neue-vision-der-separation-im-zeitalter-des-abfalls\/\" \/>\n<meta property=\"og:locale\" content=\"de_DE\" \/>\n<meta property=\"og:type\" content=\"article\" \/>\n<meta property=\"og:title\" content=\"Eine neue Vision der Separation\u202d \u202cim Zeitalter des Abfalls\" \/>\n<meta property=\"og:description\" content=\"Jeder\u202d, \u202cder schon einmal an einer Recyclinglinie gearbeitet hat\u202d, \u202cwei\u00df\u202d: \u202cDie eigentlichen Schwierigkeiten beginnen nicht bei der Entsorgung\u202d, \u202csondern erst danach\u202d \u202c\u202e\u2013\u202c\u202d \u202cwenn der Abfall den Verarbeitungsprozess durchl\u00e4uft\u202d.\" \/>\n<meta property=\"og:url\" content=\"https:\/\/www.mogensen.com\/de\/blog\/recycling\/eine-neue-vision-der-separation-im-zeitalter-des-abfalls\/\" \/>\n<meta property=\"og:site_name\" content=\"MOGENSEN\" \/>\n<meta property=\"article:published_time\" content=\"2025-11-25T12:19:43+00:00\" \/>\n<meta property=\"article:modified_time\" content=\"2025-11-25T12:29:05+00:00\" \/>\n<meta property=\"og:image\" content=\"https:\/\/www.mogensen.com\/wp-content\/uploads\/2025\/11\/G-Sort-A-New-Vision-of-Separation-in-Waste-3-e1764068093688.webp\" \/>\n\t<meta property=\"og:image:width\" content=\"514\" \/>\n\t<meta property=\"og:image:height\" content=\"449\" \/>\n\t<meta property=\"og:image:type\" content=\"image\/webp\" \/>\n<meta name=\"author\" content=\"rriedel\" \/>\n<meta name=\"twitter:card\" content=\"summary_large_image\" \/>\n<meta name=\"twitter:label1\" content=\"Verfasst von\" \/>\n\t<meta name=\"twitter:data1\" content=\"rriedel\" \/>\n\t<meta name=\"twitter:label2\" content=\"Gesch\u00e4tzte Lesezeit\" \/>\n\t<meta name=\"twitter:data2\" content=\"4\u00a0Minuten\" \/>\n<script type=\"application\/ld+json\" class=\"yoast-schema-graph\">{\"@context\":\"https:\\\/\\\/schema.org\",\"@graph\":[{\"@type\":\"Article\",\"@id\":\"https:\\\/\\\/www.mogensen.com\\\/de\\\/blog\\\/recycling\\\/eine-neue-vision-der-separation-im-zeitalter-des-abfalls\\\/#article\",\"isPartOf\":{\"@id\":\"https:\\\/\\\/www.mogensen.com\\\/de\\\/blog\\\/recycling\\\/eine-neue-vision-der-separation-im-zeitalter-des-abfalls\\\/\"},\"author\":{\"name\":\"rriedel\",\"@id\":\"https:\\\/\\\/www.mogensen.com\\\/de\\\/#\\\/schema\\\/person\\\/2d4fac772ee1a9697b1f850dca282009\"},\"headline\":\"Eine neue Vision der Separation\u202d \u202cim Zeitalter des Abfalls\",\"datePublished\":\"2025-11-25T12:19:43+00:00\",\"dateModified\":\"2025-11-25T12:29:05+00:00\",\"mainEntityOfPage\":{\"@id\":\"https:\\\/\\\/www.mogensen.com\\\/de\\\/blog\\\/recycling\\\/eine-neue-vision-der-separation-im-zeitalter-des-abfalls\\\/\"},\"wordCount\":640,\"commentCount\":0,\"publisher\":{\"@id\":\"https:\\\/\\\/www.mogensen.com\\\/de\\\/#organization\"},\"image\":{\"@id\":\"https:\\\/\\\/www.mogensen.com\\\/de\\\/blog\\\/recycling\\\/eine-neue-vision-der-separation-im-zeitalter-des-abfalls\\\/#primaryimage\"},\"thumbnailUrl\":\"https:\\\/\\\/www.mogensen.com\\\/wp-content\\\/uploads\\\/2025\\\/11\\\/G-Sort-A-New-Vision-of-Separation-in-Waste-3-e1764068093688.webp\",\"keywords\":[\"Dichtesortierung\",\"Recycling\",\"Trockensortierung\"],\"articleSection\":[\"Recycling\"],\"inLanguage\":\"de\",\"potentialAction\":[{\"@type\":\"CommentAction\",\"name\":\"Comment\",\"target\":[\"https:\\\/\\\/www.mogensen.com\\\/de\\\/blog\\\/recycling\\\/eine-neue-vision-der-separation-im-zeitalter-des-abfalls\\\/#respond\"]}]},{\"@type\":\"WebPage\",\"@id\":\"https:\\\/\\\/www.mogensen.com\\\/de\\\/blog\\\/recycling\\\/eine-neue-vision-der-separation-im-zeitalter-des-abfalls\\\/\",\"url\":\"https:\\\/\\\/www.mogensen.com\\\/de\\\/blog\\\/recycling\\\/eine-neue-vision-der-separation-im-zeitalter-des-abfalls\\\/\",\"name\":\"Eine neue Vision der Separation\u202d \u202cim Zeitalter des Abfalls\",\"isPartOf\":{\"@id\":\"https:\\\/\\\/www.mogensen.com\\\/de\\\/#website\"},\"primaryImageOfPage\":{\"@id\":\"https:\\\/\\\/www.mogensen.com\\\/de\\\/blog\\\/recycling\\\/eine-neue-vision-der-separation-im-zeitalter-des-abfalls\\\/#primaryimage\"},\"image\":{\"@id\":\"https:\\\/\\\/www.mogensen.com\\\/de\\\/blog\\\/recycling\\\/eine-neue-vision-der-separation-im-zeitalter-des-abfalls\\\/#primaryimage\"},\"thumbnailUrl\":\"https:\\\/\\\/www.mogensen.com\\\/wp-content\\\/uploads\\\/2025\\\/11\\\/G-Sort-A-New-Vision-of-Separation-in-Waste-3-e1764068093688.webp\",\"datePublished\":\"2025-11-25T12:19:43+00:00\",\"dateModified\":\"2025-11-25T12:29:05+00:00\",\"breadcrumb\":{\"@id\":\"https:\\\/\\\/www.mogensen.com\\\/de\\\/blog\\\/recycling\\\/eine-neue-vision-der-separation-im-zeitalter-des-abfalls\\\/#breadcrumb\"},\"inLanguage\":\"de\",\"potentialAction\":[{\"@type\":\"ReadAction\",\"target\":[\"https:\\\/\\\/www.mogensen.com\\\/de\\\/blog\\\/recycling\\\/eine-neue-vision-der-separation-im-zeitalter-des-abfalls\\\/\"]}]},{\"@type\":\"ImageObject\",\"inLanguage\":\"de\",\"@id\":\"https:\\\/\\\/www.mogensen.com\\\/de\\\/blog\\\/recycling\\\/eine-neue-vision-der-separation-im-zeitalter-des-abfalls\\\/#primaryimage\",\"url\":\"https:\\\/\\\/www.mogensen.com\\\/wp-content\\\/uploads\\\/2025\\\/11\\\/G-Sort-A-New-Vision-of-Separation-in-Waste-3-e1764068093688.webp\",\"contentUrl\":\"https:\\\/\\\/www.mogensen.com\\\/wp-content\\\/uploads\\\/2025\\\/11\\\/G-Sort-A-New-Vision-of-Separation-in-Waste-3-e1764068093688.webp\",\"width\":514,\"height\":449},{\"@type\":\"BreadcrumbList\",\"@id\":\"https:\\\/\\\/www.mogensen.com\\\/de\\\/blog\\\/recycling\\\/eine-neue-vision-der-separation-im-zeitalter-des-abfalls\\\/#breadcrumb\",\"itemListElement\":[{\"@type\":\"ListItem\",\"position\":1,\"name\":\"Startseite\",\"item\":\"https:\\\/\\\/www.mogensen.com\\\/de\\\/\"},{\"@type\":\"ListItem\",\"position\":2,\"name\":\"Eine neue Vision der Separation\u202d \u202cim Zeitalter des Abfalls\"}]},{\"@type\":\"WebSite\",\"@id\":\"https:\\\/\\\/www.mogensen.com\\\/de\\\/#website\",\"url\":\"https:\\\/\\\/www.mogensen.com\\\/de\\\/\",\"name\":\"MOGENSEN\",\"description\":\"Ihr Spezialist f\u00fcr innovative Sieb-, Sortier- und F\u00f6rdertechnik\",\"publisher\":{\"@id\":\"https:\\\/\\\/www.mogensen.com\\\/de\\\/#organization\"},\"potentialAction\":[{\"@type\":\"SearchAction\",\"target\":{\"@type\":\"EntryPoint\",\"urlTemplate\":\"https:\\\/\\\/www.mogensen.com\\\/de\\\/?s={search_term_string}\"},\"query-input\":{\"@type\":\"PropertyValueSpecification\",\"valueRequired\":true,\"valueName\":\"search_term_string\"}}],\"inLanguage\":\"de\"},{\"@type\":\"Organization\",\"@id\":\"https:\\\/\\\/www.mogensen.com\\\/de\\\/#organization\",\"name\":\"MOGENSEN\",\"url\":\"https:\\\/\\\/www.mogensen.com\\\/de\\\/\",\"logo\":{\"@type\":\"ImageObject\",\"inLanguage\":\"de\",\"@id\":\"https:\\\/\\\/www.mogensen.com\\\/de\\\/#\\\/schema\\\/logo\\\/image\\\/\",\"url\":\"https:\\\/\\\/www.mogensen.com\\\/wp-content\\\/uploads\\\/2025\\\/02\\\/MOGENSEN-Logo.png\",\"contentUrl\":\"https:\\\/\\\/www.mogensen.com\\\/wp-content\\\/uploads\\\/2025\\\/02\\\/MOGENSEN-Logo.png\",\"width\":12777,\"height\":1183,\"caption\":\"MOGENSEN\"},\"image\":{\"@id\":\"https:\\\/\\\/www.mogensen.com\\\/de\\\/#\\\/schema\\\/logo\\\/image\\\/\"},\"sameAs\":[\"https:\\\/\\\/www.linkedin.com\\\/company\\\/mogensen-germany\\\/\",\"https:\\\/\\\/www.linkedin.com\\\/company\\\/mogensen-spain\\\/\",\"https:\\\/\\\/www.linkedin.com\\\/company\\\/fredrik-mogensen-ab\\\/\"]},{\"@type\":\"Person\",\"@id\":\"https:\\\/\\\/www.mogensen.com\\\/de\\\/#\\\/schema\\\/person\\\/2d4fac772ee1a9697b1f850dca282009\",\"name\":\"rriedel\"}]}<\/script>\n<!-- \/ Yoast SEO plugin. -->","yoast_head_json":{"title":"Eine neue Vision der Separation\u202d \u202cim Zeitalter des Abfalls","robots":{"index":"index","follow":"follow","max-snippet":"max-snippet:-1","max-image-preview":"max-image-preview:large","max-video-preview":"max-video-preview:-1"},"canonical":"https:\/\/www.mogensen.com\/de\/blog\/recycling\/eine-neue-vision-der-separation-im-zeitalter-des-abfalls\/","og_locale":"de_DE","og_type":"article","og_title":"Eine neue Vision der Separation\u202d \u202cim Zeitalter des Abfalls","og_description":"Jeder\u202d, \u202cder schon einmal an einer Recyclinglinie gearbeitet hat\u202d, \u202cwei\u00df\u202d: \u202cDie eigentlichen Schwierigkeiten beginnen nicht bei der Entsorgung\u202d, \u202csondern erst danach\u202d \u202c\u202e\u2013\u202c\u202d \u202cwenn der Abfall den Verarbeitungsprozess durchl\u00e4uft\u202d.","og_url":"https:\/\/www.mogensen.com\/de\/blog\/recycling\/eine-neue-vision-der-separation-im-zeitalter-des-abfalls\/","og_site_name":"MOGENSEN","article_published_time":"2025-11-25T12:19:43+00:00","article_modified_time":"2025-11-25T12:29:05+00:00","og_image":[{"width":514,"height":449,"url":"https:\/\/www.mogensen.com\/wp-content\/uploads\/2025\/11\/G-Sort-A-New-Vision-of-Separation-in-Waste-3-e1764068093688.webp","type":"image\/webp"}],"author":"rriedel","twitter_card":"summary_large_image","twitter_misc":{"Verfasst von":"rriedel","Gesch\u00e4tzte Lesezeit":"4\u00a0Minuten"},"schema":{"@context":"https:\/\/schema.org","@graph":[{"@type":"Article","@id":"https:\/\/www.mogensen.com\/de\/blog\/recycling\/eine-neue-vision-der-separation-im-zeitalter-des-abfalls\/#article","isPartOf":{"@id":"https:\/\/www.mogensen.com\/de\/blog\/recycling\/eine-neue-vision-der-separation-im-zeitalter-des-abfalls\/"},"author":{"name":"rriedel","@id":"https:\/\/www.mogensen.com\/de\/#\/schema\/person\/2d4fac772ee1a9697b1f850dca282009"},"headline":"Eine neue Vision der Separation\u202d \u202cim Zeitalter des Abfalls","datePublished":"2025-11-25T12:19:43+00:00","dateModified":"2025-11-25T12:29:05+00:00","mainEntityOfPage":{"@id":"https:\/\/www.mogensen.com\/de\/blog\/recycling\/eine-neue-vision-der-separation-im-zeitalter-des-abfalls\/"},"wordCount":640,"commentCount":0,"publisher":{"@id":"https:\/\/www.mogensen.com\/de\/#organization"},"image":{"@id":"https:\/\/www.mogensen.com\/de\/blog\/recycling\/eine-neue-vision-der-separation-im-zeitalter-des-abfalls\/#primaryimage"},"thumbnailUrl":"https:\/\/www.mogensen.com\/wp-content\/uploads\/2025\/11\/G-Sort-A-New-Vision-of-Separation-in-Waste-3-e1764068093688.webp","keywords":["Dichtesortierung","Recycling","Trockensortierung"],"articleSection":["Recycling"],"inLanguage":"de","potentialAction":[{"@type":"CommentAction","name":"Comment","target":["https:\/\/www.mogensen.com\/de\/blog\/recycling\/eine-neue-vision-der-separation-im-zeitalter-des-abfalls\/#respond"]}]},{"@type":"WebPage","@id":"https:\/\/www.mogensen.com\/de\/blog\/recycling\/eine-neue-vision-der-separation-im-zeitalter-des-abfalls\/","url":"https:\/\/www.mogensen.com\/de\/blog\/recycling\/eine-neue-vision-der-separation-im-zeitalter-des-abfalls\/","name":"Eine neue Vision der Separation\u202d \u202cim Zeitalter des Abfalls","isPartOf":{"@id":"https:\/\/www.mogensen.com\/de\/#website"},"primaryImageOfPage":{"@id":"https:\/\/www.mogensen.com\/de\/blog\/recycling\/eine-neue-vision-der-separation-im-zeitalter-des-abfalls\/#primaryimage"},"image":{"@id":"https:\/\/www.mogensen.com\/de\/blog\/recycling\/eine-neue-vision-der-separation-im-zeitalter-des-abfalls\/#primaryimage"},"thumbnailUrl":"https:\/\/www.mogensen.com\/wp-content\/uploads\/2025\/11\/G-Sort-A-New-Vision-of-Separation-in-Waste-3-e1764068093688.webp","datePublished":"2025-11-25T12:19:43+00:00","dateModified":"2025-11-25T12:29:05+00:00","breadcrumb":{"@id":"https:\/\/www.mogensen.com\/de\/blog\/recycling\/eine-neue-vision-der-separation-im-zeitalter-des-abfalls\/#breadcrumb"},"inLanguage":"de","potentialAction":[{"@type":"ReadAction","target":["https:\/\/www.mogensen.com\/de\/blog\/recycling\/eine-neue-vision-der-separation-im-zeitalter-des-abfalls\/"]}]},{"@type":"ImageObject","inLanguage":"de","@id":"https:\/\/www.mogensen.com\/de\/blog\/recycling\/eine-neue-vision-der-separation-im-zeitalter-des-abfalls\/#primaryimage","url":"https:\/\/www.mogensen.com\/wp-content\/uploads\/2025\/11\/G-Sort-A-New-Vision-of-Separation-in-Waste-3-e1764068093688.webp","contentUrl":"https:\/\/www.mogensen.com\/wp-content\/uploads\/2025\/11\/G-Sort-A-New-Vision-of-Separation-in-Waste-3-e1764068093688.webp","width":514,"height":449},{"@type":"BreadcrumbList","@id":"https:\/\/www.mogensen.com\/de\/blog\/recycling\/eine-neue-vision-der-separation-im-zeitalter-des-abfalls\/#breadcrumb","itemListElement":[{"@type":"ListItem","position":1,"name":"Startseite","item":"https:\/\/www.mogensen.com\/de\/"},{"@type":"ListItem","position":2,"name":"Eine neue Vision der Separation\u202d \u202cim Zeitalter des Abfalls"}]},{"@type":"WebSite","@id":"https:\/\/www.mogensen.com\/de\/#website","url":"https:\/\/www.mogensen.com\/de\/","name":"MOGENSEN","description":"Ihr Spezialist f\u00fcr innovative Sieb-, Sortier- und F\u00f6rdertechnik","publisher":{"@id":"https:\/\/www.mogensen.com\/de\/#organization"},"potentialAction":[{"@type":"SearchAction","target":{"@type":"EntryPoint","urlTemplate":"https:\/\/www.mogensen.com\/de\/?s={search_term_string}"},"query-input":{"@type":"PropertyValueSpecification","valueRequired":true,"valueName":"search_term_string"}}],"inLanguage":"de"},{"@type":"Organization","@id":"https:\/\/www.mogensen.com\/de\/#organization","name":"MOGENSEN","url":"https:\/\/www.mogensen.com\/de\/","logo":{"@type":"ImageObject","inLanguage":"de","@id":"https:\/\/www.mogensen.com\/de\/#\/schema\/logo\/image\/","url":"https:\/\/www.mogensen.com\/wp-content\/uploads\/2025\/02\/MOGENSEN-Logo.png","contentUrl":"https:\/\/www.mogensen.com\/wp-content\/uploads\/2025\/02\/MOGENSEN-Logo.png","width":12777,"height":1183,"caption":"MOGENSEN"},"image":{"@id":"https:\/\/www.mogensen.com\/de\/#\/schema\/logo\/image\/"},"sameAs":["https:\/\/www.linkedin.com\/company\/mogensen-germany\/","https:\/\/www.linkedin.com\/company\/mogensen-spain\/","https:\/\/www.linkedin.com\/company\/fredrik-mogensen-ab\/"]},{"@type":"Person","@id":"https:\/\/www.mogensen.com\/de\/#\/schema\/person\/2d4fac772ee1a9697b1f850dca282009","name":"rriedel"}]}},"_links":{"self":[{"href":"https:\/\/www.mogensen.com\/de\/wp-json\/wp\/v2\/posts\/4223","targetHints":{"allow":["GET"]}}],"collection":[{"href":"https:\/\/www.mogensen.com\/de\/wp-json\/wp\/v2\/posts"}],"about":[{"href":"https:\/\/www.mogensen.com\/de\/wp-json\/wp\/v2\/types\/post"}],"author":[{"embeddable":true,"href":"https:\/\/www.mogensen.com\/de\/wp-json\/wp\/v2\/users\/2"}],"replies":[{"embeddable":true,"href":"https:\/\/www.mogensen.com\/de\/wp-json\/wp\/v2\/comments?post=4223"}],"version-history":[{"count":0,"href":"https:\/\/www.mogensen.com\/de\/wp-json\/wp\/v2\/posts\/4223\/revisions"}],"wp:featuredmedia":[{"embeddable":true,"href":"https:\/\/www.mogensen.com\/de\/wp-json\/wp\/v2\/media\/4231"}],"wp:attachment":[{"href":"https:\/\/www.mogensen.com\/de\/wp-json\/wp\/v2\/media?parent=4223"}],"wp:term":[{"taxonomy":"category","embeddable":true,"href":"https:\/\/www.mogensen.com\/de\/wp-json\/wp\/v2\/categories?post=4223"},{"taxonomy":"post_tag","embeddable":true,"href":"https:\/\/www.mogensen.com\/de\/wp-json\/wp\/v2\/tags?post=4223"},{"taxonomy":"post_folder","embeddable":true,"href":"https:\/\/www.mogensen.com\/de\/wp-json\/wp\/v2\/post_folder?post=4223"}],"curies":[{"name":"wp","href":"https:\/\/api.w.org\/{rel}","templated":true}]}}